{"id":56872,"date":"2026-04-27T16:28:37","date_gmt":"2026-04-27T13:28:37","guid":{"rendered":"https:\/\/www.kvk.lt\/?p=56872"},"modified":"2026-04-27T16:28:37","modified_gmt":"2026-04-27T13:28:37","slug":"akimirkos-is-ketvirtojo-aljanso-educare-5-0-susitikimo","status":"publish","type":"post","link":"https:\/\/www.kvk.lt\/en\/akimirkos-is-ketvirtojo-aljanso-educare-5-0-susitikimo\/","title":{"rendered":"Akimirkos i\u0161 ketvirtojo aljanso \u201eEduCare 5.0\u201c susitikimo"},"content":{"rendered":"<p>Baland\u017eio 20-22 dienomis Europos universitet\u0173 aljanso \u201eEduCare 5.0\u201c nariai rinkosi Lisabonoje, Egas Moniz sveikatos moksl\u0173 auk\u0161tojoje mokykloje, aptarti nauj\u0173 akademinio bendradarbiavimo modeli\u0173 ir sveikatos studij\u0173 ateities Europoje. Tai jau ketvirtasis \u0161io aljanso susitikimas.<\/p>\n<h4><\/h4>\n<p>\u0160iuo metu \u201eEduCare 5.0\u201c vienija de\u0161imt auk\u0161tojo mokslo institucij\u0173 i\u0161 \u012fvairi\u0173 Europos \u0161ali\u0173. \u012e susitikim\u0105 Lisabonoje susirinko prorektoriai, akademiniai atstovai ir projekt\u0173 vadovai i\u0161 Vokietijos, Austrijos, \u010cekijos, Ispanijos, Suomijos, Lietuvos, Lenkijos, Portugalijos ir Rumunijos. Dalyviai aptar\u0117 strateginius prioritetus, susijusius su sveikatos studij\u0173 modernizavimu Europoje. Klaip\u0117dos valstybinei kolegijai atstovavo direktoriaus pavaduotoja strateginei pl\u0117trai Jurgita Rai\u0161yt\u0117.<\/p>\n<h4><\/h4>\n<p>Susitikimo metu pagrindinis d\u0117mesys skirtas mokymo modeli\u0173 pritaikymui prie \u0161iuolaikini\u0173 i\u0161\u0161\u016bki\u0173, su kuriais susiduria sveikatos sistemos ir auk\u0161tojo mokslo institucijos. Tarp j\u0173 \u2013 skaitmenizacija, mokymasis vis\u0105 gyvenim\u0105 ir kvalifikuot\u0173 specialist\u0173 tr\u016bkumas. Aljansas siekia kurti lankstesnius, \u012ftraukesnius mokymo metodus, glaud\u017eiai susietus su inovacij\u0173 ekosistemomis ir darbo rinkos poreikiais.<\/p>\n<h4><\/h4>\n<p>Per tris susitikimo dienas partneriai analizavo priemones, skirtas stiprinti tarptautin\u012f institucij\u0173 bendradarbiavim\u0105, kurti bendras studij\u0173 programas bei pl\u0117toti lankstesnius ir integruotus mokymosi b\u016bdus. Taip pat aptarta projekto \u201eDigiCare Innovation \u2013 Empowering community care through digital health\u201c pa\u017eanga ir tolimesni prioritetai. Projekte Kolegijai atstovavo Technologij\u0173 fakulteto Informatikos ir biotechnologij\u0173 katedros ved\u0117ja Sigut\u0117 E\u017eerskien\u0117 ir dr. Vijol\u0117 Bradauskien\u0117, kuri yra \u0161io projekto vadov\u0117.<\/p>\n<h4><\/h4>\n<p>Be jau vykdomo projekto, kartu su \u201eEduCare 5.0\u201c partneriais \u0161i\u0173 met\u0173 prad\u017eioje parengtos dar dvi parai\u0161kos: viena teikiama EIT \u201eHigher Education Initiative\u201c finansavimui, siekiant stiprinti auk\u0161t\u0173j\u0173 mokykl\u0173 bendradarbiavim\u0105 ir mobilum\u0105, o kita \u2013 \u201eErasmus+ European Universities\u201c programai, skirtai aljanso strategini\u0173 veikl\u0173 \u012fgyvendinimui ir jo stiprinimui. Rezultatai paai\u0161k\u0117s liepos m\u0117nes\u012f.<\/p>\n<h3><img decoding=\"async\" class=\"alignleft size-large wp-image-56873\" src=\"https:\/\/www.kvk.lt\/wp-content\/uploads\/2026\/04\/1-1024x647.jpeg\" alt=\"\" width=\"1024\" height=\"647\" srcset=\"https:\/\/www.kvk.lt\/wp-content\/uploads\/2026\/04\/1-1024x647.jpeg 1024w, https:\/\/www.kvk.lt\/wp-content\/uploads\/2026\/04\/1-300x190.jpeg 300w, https:\/\/www.kvk.lt\/wp-content\/uploads\/2026\/04\/1-768x485.jpeg 768w, https:\/\/www.kvk.lt\/wp-content\/uploads\/2026\/04\/1-1536x971.jpeg 1536w, https:\/\/www.kvk.lt\/wp-content\/uploads\/2026\/04\/1-2048x1294.jpeg 2048w, https:\/\/www.kvk.lt\/wp-content\/uploads\/2026\/04\/1-600x379.jpeg 600w\" sizes=\"(max-width: 1024px) 100vw, 1024px\" \/> <img decoding=\"async\" class=\"alignleft size-large wp-image-56877\" src=\"https:\/\/www.kvk.lt\/wp-content\/uploads\/2026\/04\/3-1024x768.jpg\" alt=\"\" width=\"1024\" height=\"768\" srcset=\"https:\/\/www.kvk.lt\/wp-content\/uploads\/2026\/04\/3-1024x768.jpg 1024w, https:\/\/www.kvk.lt\/wp-content\/uploads\/2026\/04\/3-300x225.jpg 300w, https:\/\/www.kvk.lt\/wp-content\/uploads\/2026\/04\/3-768x576.jpg 768w, https:\/\/www.kvk.lt\/wp-content\/uploads\/2026\/04\/3-1536x1152.jpg 1536w, https:\/\/www.kvk.lt\/wp-content\/uploads\/2026\/04\/3-2048x1536.jpg 2048w, https:\/\/www.kvk.lt\/wp-content\/uploads\/2026\/04\/3-600x450.jpg 600w\" sizes=\"(max-width: 1024px) 100vw, 1024px\" \/> <img decoding=\"async\" class=\"alignleft size-large wp-image-56879\" src=\"https:\/\/www.kvk.lt\/wp-content\/uploads\/2026\/04\/4-1024x749.jpg\" alt=\"\" width=\"1024\" height=\"749\" srcset=\"https:\/\/www.kvk.lt\/wp-content\/uploads\/2026\/04\/4-1024x749.jpg 1024w, https:\/\/www.kvk.lt\/wp-content\/uploads\/2026\/04\/4-300x219.jpg 300w, https:\/\/www.kvk.lt\/wp-content\/uploads\/2026\/04\/4-768x561.jpg 768w, https:\/\/www.kvk.lt\/wp-content\/uploads\/2026\/04\/4-1536x1123.jpg 1536w, https:\/\/www.kvk.lt\/wp-content\/uploads\/2026\/04\/4-2048x1497.jpg 2048w, https:\/\/www.kvk.lt\/wp-content\/uploads\/2026\/04\/4-600x439.jpg 600w\" sizes=\"(max-width: 1024px) 100vw, 1024px\" \/> <img decoding=\"async\" class=\"alignleft size-large wp-image-56875\" src=\"https:\/\/www.kvk.lt\/wp-content\/uploads\/2026\/04\/2-769x1024.jpg\" alt=\"\" width=\"769\" height=\"1024\" srcset=\"https:\/\/www.kvk.lt\/wp-content\/uploads\/2026\/04\/2-769x1024.jpg 769w, https:\/\/www.kvk.lt\/wp-content\/uploads\/2026\/04\/2-225x300.jpg 225w, https:\/\/www.kvk.lt\/wp-content\/uploads\/2026\/04\/2-768x1023.jpg 768w, https:\/\/www.kvk.lt\/wp-content\/uploads\/2026\/04\/2-1153x1536.jpg 1153w, https:\/\/www.kvk.lt\/wp-content\/uploads\/2026\/04\/2-1538x2048.jpg 1538w, https:\/\/www.kvk.lt\/wp-content\/uploads\/2026\/04\/2-600x799.jpg 600w, https:\/\/www.kvk.lt\/wp-content\/uploads\/2026\/04\/2-scaled.jpg 1922w\" sizes=\"(max-width: 769px) 100vw, 769px\" \/><\/h3>\n","protected":false},"excerpt":{"rendered":"<p>Baland\u017eio 20-22 dienomis Europos universitet\u0173 aljanso \u201eEduCare 5.0\u201c nariai rinkosi Lisabonoje, Egas Moniz sveikatos moksl\u0173 auk\u0161tojoje mokykloje, aptarti nauj\u0173 akademinio bendradarbiavimo modeli\u0173 ir sveikatos studij\u0173 ateities Europoje. Tai jau ketvirtasis \u0161io aljanso susitikimas. \u0160iuo metu \u201eEduCare 5.0\u201c vienija de\u0161imt auk\u0161tojo mokslo institucij\u0173 i\u0161 \u012fvairi\u0173 Europos \u0161ali\u0173. \u012e susitikim\u0105 Lisabonoje susirinko prorektoriai, akademiniai atstovai ir projekt\u0173 [&hellip;]<\/p>\n","protected":false},"author":15,"featured_media":56873,"comment_status":"closed","ping_status":"closed","sticky":false,"template":"","format":"standard","meta":{"_acf_changed":false,"inline_featured_image":false,"_jetpack_memberships_contains_paid_content":false,"footnotes":""},"categories":[12],"class_list":["post-56872","post","type-post","status-publish","format-standard","has-post-thumbnail","hentry","category-news"],"acf":[],"jetpack_featured_media_url":"https:\/\/www.kvk.lt\/wp-content\/uploads\/2026\/04\/1-scaled.jpeg","jetpack_sharing_enabled":true,"_links":{"self":[{"href":"https:\/\/www.kvk.lt\/en\/wp-json\/wp\/v2\/posts\/56872","targetHints":{"allow":["GET"]}}],"collection":[{"href":"https:\/\/www.kvk.lt\/en\/wp-json\/wp\/v2\/posts"}],"about":[{"href":"https:\/\/www.kvk.lt\/en\/wp-json\/wp\/v2\/types\/post"}],"author":[{"embeddable":true,"href":"https:\/\/www.kvk.lt\/en\/wp-json\/wp\/v2\/users\/15"}],"replies":[{"embeddable":true,"href":"https:\/\/www.kvk.lt\/en\/wp-json\/wp\/v2\/comments?post=56872"}],"version-history":[{"count":1,"href":"https:\/\/www.kvk.lt\/en\/wp-json\/wp\/v2\/posts\/56872\/revisions"}],"predecessor-version":[{"id":56881,"href":"https:\/\/www.kvk.lt\/en\/wp-json\/wp\/v2\/posts\/56872\/revisions\/56881"}],"wp:featuredmedia":[{"embeddable":true,"href":"https:\/\/www.kvk.lt\/en\/wp-json\/wp\/v2\/media\/56873"}],"wp:attachment":[{"href":"https:\/\/www.kvk.lt\/en\/wp-json\/wp\/v2\/media?parent=56872"}],"wp:term":[{"taxonomy":"category","embeddable":true,"href":"https:\/\/www.kvk.lt\/en\/wp-json\/wp\/v2\/categories?post=56872"}],"curies":[{"name":"wp","href":"https:\/\/api.w.org\/{rel}","templated":true}]}}